{"id":7533,"date":"2026-08-31T20:02:10","date_gmt":"2026-08-31T19:02:10","guid":{"rendered":"https:\/\/neuropsiquiatria.pt\/?p=7533"},"modified":"2026-08-31T20:02:09","modified_gmt":"2026-08-31T19:02:09","slug":"importancia-da-escuta-no-cuidado-medico-na-saude-mental","status":"publish","type":"post","link":"https:\/\/neuropsiquiatria.pt\/es\/importancia-da-escuta-no-cuidado-medico-na-saude-mental\/","title":{"rendered":"En el \u00e1mbito de la salud mental, escuchar tambi\u00e9n forma parte del tratamiento"},"content":{"rendered":"<div data-elementor-type=\"wp-post\" data-elementor-id=\"7533\" class=\"elementor elementor-7533\" data-elementor-post-type=\"post\">\n\t\t\t\t<div class=\"elementor-element elementor-element-3f5ae2c6 e-flex e-con-boxed e-con e-parent\" data-id=\"3f5ae2c6\" data-element_type=\"container\" data-e-type=\"container\">\n\t\t\t\t\t<div class=\"e-con-inner\">\n\t\t\t\t<div class=\"elementor-element elementor-element-d056bb6 elementor-widget elementor-widget-text-editor\" data-id=\"d056bb6\" data-element_type=\"widget\" data-e-type=\"widget\" data-widget_type=\"text-editor.default\">\n\t\t\t\t<div class=\"elementor-widget-container\">\n\t\t\t\t\t\t\t\t\t<p>Hay consultas en las que la informaci\u00f3n cabe en el tiempo disponible, pero la persona no. Quedan preguntas por hacer, se interrumpen los silencios y la historia cl\u00ednica se reduce a los s\u00edntomas m\u00e1s urgentes. \u00bfQu\u00e9 se pierde cuando esto ocurre?<\/p>\t\t\t\t\t\t\t\t<\/div>\n\t\t\t\t<\/div>\n\t\t\t\t<div class=\"elementor-element elementor-element-b3fc92b elementor-widget elementor-widget-post-info\" data-id=\"b3fc92b\" data-element_type=\"widget\" data-e-type=\"widget\" data-widget_type=\"post-info.default\">\n\t\t\t\t<div class=\"elementor-widget-container\">\n\t\t\t\t\t\t\t<ul class=\"elementor-inline-items elementor-icon-list-items elementor-post-info\">\n\t\t\t\t\t\t\t\t<li class=\"elementor-icon-list-item elementor-repeater-item-87d2c88 elementor-inline-item\" itemprop=\"datePublished\">\n\t\t\t\t\t\t<a href=\"https:\/\/neuropsiquiatria.pt\/es\/2026\/08\/31\/\">\n\t\t\t\t\t\t\t\t\t\t\t<span class=\"elementor-icon-list-icon\">\n\t\t\t\t\t\t\t\t<svg aria-hidden=\"true\" class=\"e-font-icon-svg e-fas-calendar\" viewbox=\"0 0 448 512\" xmlns=\"http:\/\/www.w3.org\/2000\/svg\"><path d=\"M12 192h424c6.6 0 12 5.4 12 12v260c0 26.5-21.5 48-48 48H48c-26.5 0-48-21.5-48-48V204c0-6.6 5.4-12 12-12zm436-44v-36c0-26.5-21.5-48-48-48h-48V12c0-6.6-5.4-12-12-12h-40c-6.6 0-12 5.4-12 12v52H160V12c0-6.6-5.4-12-12-12h-40c-6.6 0-12 5.4-12 12v52H48C21.5 64 0 85.5 0 112v36c0 6.6 5.4 12 12 12h424c6.6 0 12-5.4 12-12z\"><\/path><\/svg>\t\t\t\t\t\t\t<\/span>\n\t\t\t\t\t\t\t\t\t<span class=\"elementor-icon-list-text elementor-post-info__item elementor-post-info__item--type-date\">\n\t\t\t\t\t\t\t\t\t\t<time>31 de agosto de 2026<\/time>\t\t\t\t\t<\/span>\n\t\t\t\t\t\t\t\t\t<\/a>\n\t\t\t\t<\/li>\n\t\t\t\t<\/ul>\n\t\t\t\t\t\t<\/div>\n\t\t\t\t<\/div>\n\t\t\t\t<div class=\"elementor-element elementor-element-44f1ee19 elementor-widget elementor-widget-text-editor\" data-id=\"44f1ee19\" data-element_type=\"widget\" data-e-type=\"widget\" data-widget_type=\"text-editor.default\">\n\t\t\t\t<div class=\"elementor-widget-container\">\n\t\t\t\t\t\t\t\t\t<p><img fetchpriority=\"high\" decoding=\"async\" class=\"alignnone size-full wp-image-7562\" src=\"https:\/\/neuropsiquiatria.pt\/wp-content\/uploads\/2026\/08\/estimulacao-magnetica-transcraniana-jose-padrao-mendes.webp\" alt=\"\" width=\"1600\" height=\"900\" srcset=\"https:\/\/neuropsiquiatria.pt\/wp-content\/uploads\/2026\/08\/estimulacao-magnetica-transcraniana-jose-padrao-mendes.webp 1600w, https:\/\/neuropsiquiatria.pt\/wp-content\/uploads\/2026\/08\/estimulacao-magnetica-transcraniana-jose-padrao-mendes-300x169.webp 300w, https:\/\/neuropsiquiatria.pt\/wp-content\/uploads\/2026\/08\/estimulacao-magnetica-transcraniana-jose-padrao-mendes-1024x576.webp 1024w, https:\/\/neuropsiquiatria.pt\/wp-content\/uploads\/2026\/08\/estimulacao-magnetica-transcraniana-jose-padrao-mendes-768x432.webp 768w, https:\/\/neuropsiquiatria.pt\/wp-content\/uploads\/2026\/08\/estimulacao-magnetica-transcraniana-jose-padrao-mendes-1536x864.webp 1536w, https:\/\/neuropsiquiatria.pt\/wp-content\/uploads\/2026\/08\/estimulacao-magnetica-transcraniana-jose-padrao-mendes-18x10.webp 18w\" sizes=\"(max-width: 1600px) 100vw, 1600px\" \/><\/p><h2>Tiempo, presencia y atenci\u00f3n: otra perspectiva sobre la salud mental<\/h2><p>Con motivo del D\u00eda Mundial del Cerebro, y tras las experiencias internacionales en diferentes continentes y la puesta en marcha de un proyecto innovador en Portugal, la Cl\u00ednica NeuroPsyque, el neur\u00f3logo y neuropsiquiatra <strong>Dr. Jos\u00e9 Padr\u00e3o Mendes<\/strong> le dijo a la <strong>Revista Business Portugal<\/strong> sobre un modelo sanitario que busca acercar la ciencia y la atenci\u00f3n sanitaria.<\/p><p>La entrevista es breve, pero deja una idea que resuena: <strong>Escuchar no es solo una etapa previa al tratamiento<\/strong> \u2014 debe ser una constante en un seguimiento que pretenda ser eficaz.<\/p><h3>Cuando una historia vale m\u00e1s que una lista de s\u00edntomas<\/h3><p>Al reflexionar sobre su trayectoria, <strong><a href=\"https:\/\/neuropsiquiatria.pt\/es\/dr-jose-padrao-mendes\/\">Jos\u00e9 Padr\u00e3o Mendes<\/a><\/strong> No empieza por destacar los equipos, la tecnolog\u00eda, las cifras o los diagn\u00f3sticos. Empieza por lo que considera m\u00e1s importante:<\/p><blockquote><p><strong>\u201cNeuroPsyque surgi\u00f3 del encuentro entre la ciencia y la atenci\u00f3n. Creci\u00f3 porque escuch\u00f3 historias, no s\u00edntomas. Porque vio a personas, no diagn\u00f3sticos\u201d.\u201d<\/strong><\/p><\/blockquote><p>Este fragmento sugiere una diferencia <strong>sencilla, pero decisiva<\/strong>. Un s\u00edntoma se puede registrar r\u00e1pidamente; <span style=\"text-decoration: underline;\">Una historia requiere contexto, confianza y disposici\u00f3n<\/span>.<\/p><p>Es en este espacio donde ciertos <strong>detalles<\/strong>, por muy insignificantes o dispersos que parezcan, pueden ser los elementos clave de un diagn\u00f3stico acertado.<\/p><h3>Presencia, no solo duraci\u00f3n<\/h3><p>Tener tiempo, <strong>no tener la sensaci\u00f3n de \u201cprisa\u201d<\/strong>, marca una gran diferencia, sobre todo en los \u00e1mbitos relacionados con el cerebro y la mente.<\/p><p>Hay que crear las condiciones necesarias para que el miedo, la duda e incluso el silencio puedan ser escuchados:<\/p><blockquote><p><strong>\u201cEl tiempo es donde respira la curaci\u00f3n. Cuando alguien se siente visto sin prisas, algo en su interior se calma y da paso a la confianza. El tiempo permite que el silencio hable y que el miedo encuentre un nombre\u201d.\u201d<\/strong><\/p><\/blockquote><p>\u00bfQu\u00e9 repercusi\u00f3n puede tener esto? <strong>presencia<\/strong> en la relaci\u00f3n entre el m\u00e9dico y el paciente, en la adherencia al tratamiento y en la <strong>eficacia<\/strong> \u00bfde las intervenciones?<\/p><p>La respuesta completa se encuentra en la entrevista, donde el m\u00e9dico resume su postura en una frase: <strong>\u201cEn NeuroPsyque, el tiempo no es duraci\u00f3n: es presencia. Y la presencia transforma\u201d.<\/strong><\/p><h3>La ciencia que ampl\u00eda las relaciones humanas<\/h3><p>Esta defensa de la simple escucha no rechaza la innovaci\u00f3n.<\/p><p>Por el contrario, la creciente demanda de soluciones <strong>no farmacol\u00f3gicas<\/strong> e <strong>no invasivas<\/strong> \u2014 como la <strong><a href=\"https:\/\/neuropsiquiatria.pt\/es\/estimulacao-magnetica-transcraniana\/\">Estimulaci\u00f3n magn\u00e9tica transcraneal<\/a><\/strong> \u2014 ocupa una parte importante de la conversaci\u00f3n.<\/p><p>La tecnolog\u00eda puede hacer que la atenci\u00f3n sanitaria sea m\u00e1s precisa y personalizada, siempre y cuando no intente sustituir la relaci\u00f3n humana: <strong>\u201cLa tecnolog\u00eda no sustituye a la relaci\u00f3n: la ampl\u00eda\u201d.\u201d<\/strong><\/p><p>La entrevista termina con una invitaci\u00f3n a la <strong>prevenci\u00f3n<\/strong> y al <strong>atenci\u00f3n integrada<\/strong>.<\/p><p>Este texto recoge solo algunos fragmentos de la conversaci\u00f3n. Para leer la entrevista completa al Dr. Jos\u00e9 Padr\u00e3o Mendes en <strong>Revista Business Portugal<\/strong>, <strong><a href=\"https:\/\/revistabusinessportugal.pt\/um-novo-modelo-integrado-em-saude-mental\/\">Lee la entrevista completa aqu\u00ed<\/a><\/strong>.<\/p>\t\t\t\t\t\t\t\t<\/div>\n\t\t\t\t<\/div>\n\t\t\t\t\t<\/div>\n\t\t\t\t<\/div>\n\t\t\t\t<\/div>","protected":false},"excerpt":{"rendered":"<p>H\u00e1 consultas em que a informa\u00e7\u00e3o cabe no tempo dispon\u00edvel, mas a pessoa n\u00e3o. Ficam perguntas por fazer, sil\u00eancios s\u00e3o interrompidos, e uma hist\u00f3ria reduzida aos sintomas mais urgentes. O que se perde quando isto acontece? Tempo, presen\u00e7a e cuidado: outro olhar sobre a sa\u00fade mental A prop\u00f3sito do Dia Mundial do C\u00e9rebro, e ap\u00f3s [&hellip;]<\/p>\n","protected":false},"author":1,"featured_media":7562,"comment_status":"open","ping_status":"open","sticky":false,"template":"","format":"standard","meta":{"footnotes":""},"categories":[1,22],"tags":[45],"class_list":["post-7533","post","type-post","status-publish","format-standard","has-post-thumbnail","hentry","category-geral","category-imprensa","tag-novo-layout"],"aioseo_notices":[],"aioseo_head":"\n\t\t<!-- All in One SEO 4.9.9 - aioseo.com -->\n\t<meta name=\"description\" content=\"Na sa\u00fade mental, o tempo, a escuta e a presen\u00e7a tamb\u00e9m tratam. Conhe\u00e7a o modelo integrado da NeuroPsyque, que alia o cuidado humano \u00e0 tecnologia de ponta.\" \/>\n\t<meta name=\"author\" content=\"Jos\u00e9 Santos\"\/>\n\t<meta name=\"msvalidate.01\" content=\"4C76B1466303CE72305A14CF456C3592\" \/>\n\t<link rel=\"canonical\" href=\"https:\/\/neuropsiquiatria.pt\/es\/importancia-da-escuta-no-cuidado-medico-na-saude-mental\/\" \/>\n\t<meta name=\"generator\" content=\"All in One SEO (AIOSEO) 4.9.9\" \/>\n\t\t<meta property=\"og:locale\" content=\"es_ES\" \/>\n\t\t<meta property=\"og:site_name\" content=\"Neuropsiquiatria - O equil\u00edbrio entre Corpo e Mente\" \/>\n\t\t<meta property=\"og:type\" content=\"article\" \/>\n\t\t<meta property=\"og:title\" content=\"Na sa\u00fade mental, escutar tamb\u00e9m faz parte do tratamento\" \/>\n\t\t<meta property=\"og:description\" content=\"Na sa\u00fade mental, o tempo, a escuta e a presen\u00e7a tamb\u00e9m tratam. Conhe\u00e7a o modelo integrado da NeuroPsyque, que alia o cuidado humano \u00e0 tecnologia de ponta.\" \/>\n\t\t<meta property=\"og:url\" content=\"https:\/\/neuropsiquiatria.pt\/es\/importancia-da-escuta-no-cuidado-medico-na-saude-mental\/\" \/>\n\t\t<meta property=\"og:image\" content=\"https:\/\/neuropsiquiatria.pt\/wp-content\/uploads\/2026\/08\/estimulacao-magnetica-transcraniana-jose-padrao-mendes.webp\" \/>\n\t\t<meta property=\"og:image:secure_url\" content=\"https:\/\/neuropsiquiatria.pt\/wp-content\/uploads\/2026\/08\/estimulacao-magnetica-transcraniana-jose-padrao-mendes.webp\" \/>\n\t\t<meta property=\"og:image:width\" content=\"1600\" \/>\n\t\t<meta property=\"og:image:height\" content=\"900\" \/>\n\t\t<meta property=\"article:published_time\" content=\"2026-08-31T19:02:10+00:00\" \/>\n\t\t<meta property=\"article:modified_time\" content=\"2026-08-31T19:02:09+00:00\" \/>\n\t\t<meta property=\"article:publisher\" content=\"https:\/\/www.facebook.com\/dr.josepadraom\" \/>\n\t\t<meta name=\"twitter:card\" content=\"summary_large_image\" \/>\n\t\t<meta name=\"twitter:title\" content=\"Na sa\u00fade mental, escutar tamb\u00e9m faz parte do tratamento\" \/>\n\t\t<meta name=\"twitter:description\" content=\"Na sa\u00fade mental, o tempo, a escuta e a presen\u00e7a tamb\u00e9m tratam. Conhe\u00e7a o modelo integrado da NeuroPsyque, que alia o cuidado humano \u00e0 tecnologia de ponta.\" \/>\n\t\t<meta name=\"twitter:image\" content=\"https:\/\/neuropsiquiatria.pt\/wp-content\/uploads\/2026\/08\/estimulacao-magnetica-transcraniana-jose-padrao-mendes.webp\" \/>\n\t\t<script type=\"application\/ld+json\" class=\"aioseo-schema\">\n\t\t\t{\"@context\":\"https:\\\/\\\/schema.org\",\"@graph\":[{\"@type\":\"BlogPosting\",\"@id\":\"https:\\\/\\\/neuropsiquiatria.pt\\\/es\\\/importancia-da-escuta-no-cuidado-medico-na-saude-mental\\\/#blogposting\",\"name\":\"Na sa\\u00fade mental, escutar tamb\\u00e9m faz parte do tratamento\",\"headline\":\"Na sa\\u00fade mental, escutar tamb\\u00e9m faz parte do tratamento\",\"author\":{\"@id\":\"https:\\\/\\\/neuropsiquiatria.pt\\\/es\\\/author\\\/jossantos\\\/#author\"},\"publisher\":{\"@id\":\"https:\\\/\\\/neuropsiquiatria.pt\\\/es\\\/#organization\"},\"image\":{\"@type\":\"ImageObject\",\"url\":\"https:\\\/\\\/neuropsiquiatria.pt\\\/wp-content\\\/uploads\\\/2026\\\/08\\\/estimulacao-magnetica-transcraniana-jose-padrao-mendes.webp\",\"width\":1600,\"height\":900,\"caption\":\"Sess\\u00e3o de Estimula\\u00e7\\u00e3o Magn\\u00e9tica Transcraniana (EMT\\\/TMS) realizada pelo Dr. Jos\\u00e9 Padr\\u00e3o Mendes, ilustrando tecnologia de neuromodula\\u00e7\\u00e3o aplicada aos cuidados de sa\\u00fade mental.\"},\"datePublished\":\"2026-08-31T20:02:10+01:00\",\"dateModified\":\"2026-08-31T20:02:09+01:00\",\"inLanguage\":\"es-ES\",\"mainEntityOfPage\":{\"@id\":\"https:\\\/\\\/neuropsiquiatria.pt\\\/es\\\/importancia-da-escuta-no-cuidado-medico-na-saude-mental\\\/#webpage\"},\"isPartOf\":{\"@id\":\"https:\\\/\\\/neuropsiquiatria.pt\\\/es\\\/importancia-da-escuta-no-cuidado-medico-na-saude-mental\\\/#webpage\"},\"articleSection\":\"Geral, Imprensa, novo-layout\"},{\"@type\":\"BreadcrumbList\",\"@id\":\"https:\\\/\\\/neuropsiquiatria.pt\\\/es\\\/importancia-da-escuta-no-cuidado-medico-na-saude-mental\\\/#breadcrumblist\",\"itemListElement\":[{\"@type\":\"ListItem\",\"@id\":\"https:\\\/\\\/neuropsiquiatria.pt\\\/es#listItem\",\"position\":1,\"name\":\"In\\u00edcio\",\"item\":\"https:\\\/\\\/neuropsiquiatria.pt\\\/es\",\"nextItem\":{\"@type\":\"ListItem\",\"@id\":\"https:\\\/\\\/neuropsiquiatria.pt\\\/es\\\/categoria\\\/geral\\\/#listItem\",\"name\":\"Geral\"}},{\"@type\":\"ListItem\",\"@id\":\"https:\\\/\\\/neuropsiquiatria.pt\\\/es\\\/categoria\\\/geral\\\/#listItem\",\"position\":2,\"name\":\"Geral\",\"item\":\"https:\\\/\\\/neuropsiquiatria.pt\\\/es\\\/categoria\\\/geral\\\/\",\"nextItem\":{\"@type\":\"ListItem\",\"@id\":\"https:\\\/\\\/neuropsiquiatria.pt\\\/es\\\/importancia-da-escuta-no-cuidado-medico-na-saude-mental\\\/#listItem\",\"name\":\"Na sa\\u00fade mental, escutar tamb\\u00e9m faz parte do tratamento\"},\"previousItem\":{\"@type\":\"ListItem\",\"@id\":\"https:\\\/\\\/neuropsiquiatria.pt\\\/es#listItem\",\"name\":\"In\\u00edcio\"}},{\"@type\":\"ListItem\",\"@id\":\"https:\\\/\\\/neuropsiquiatria.pt\\\/es\\\/importancia-da-escuta-no-cuidado-medico-na-saude-mental\\\/#listItem\",\"position\":3,\"name\":\"Na sa\\u00fade mental, escutar tamb\\u00e9m faz parte do tratamento\",\"previousItem\":{\"@type\":\"ListItem\",\"@id\":\"https:\\\/\\\/neuropsiquiatria.pt\\\/es\\\/categoria\\\/geral\\\/#listItem\",\"name\":\"Geral\"}}]},{\"@type\":\"Organization\",\"@id\":\"https:\\\/\\\/neuropsiquiatria.pt\\\/es\\\/#organization\",\"name\":\"NeuroPsyque - Cl\\u00ednica Neurologia e Neuropsiquiatria | Lisboa\",\"description\":\"A NeuroPsyque \\u00e9 uma cl\\u00ednica multidisciplinar de excel\\u00eancia localizada em Lisboa. Oferece uma abordagem integrada e completa para a sa\\u00fade mental e neurol\\u00f3gica. A nossa equipa de especialistas altamente qualificados em Neurologia, Neuropsiquiatria, Neuropsicologia, Psiquiatria, Psicologia e Fisioterapia trabalha em conjunto para proporcionar avalia\\u00e7\\u00f5es precisas e planos de tratamento centrados na pessoa, que maximizam o bem-estar geral e a qualidade de vida. Temos ao nosso dispor tecnologias como a EMT \\\/ TMS (Estimula\\u00e7\\u00e3o Magn\\u00e9tica Transcraniana), a tDCS e o Neurofeedback.\",\"url\":\"https:\\\/\\\/neuropsiquiatria.pt\\\/es\\\/\",\"email\":\"info@neuropsiquiatria.pt\",\"telephone\":\"+351928240865\",\"logo\":{\"@type\":\"ImageObject\",\"url\":\"https:\\\/\\\/neuropsiquiatria.pt\\\/wp-content\\\/uploads\\\/2024\\\/04\\\/NeuroPsyche-logo-AF-01.webp\",\"@id\":\"https:\\\/\\\/neuropsiquiatria.pt\\\/es\\\/importancia-da-escuta-no-cuidado-medico-na-saude-mental\\\/#organizationLogo\",\"width\":300,\"height\":228,\"caption\":\"Logotipo da NeuroPsyque - Neuropsiquiatria\"},\"image\":{\"@id\":\"https:\\\/\\\/neuropsiquiatria.pt\\\/es\\\/importancia-da-escuta-no-cuidado-medico-na-saude-mental\\\/#organizationLogo\"},\"sameAs\":[\"https:\\\/\\\/www.facebook.com\\\/dr.josepadraom\",\"https:\\\/\\\/www.instagram.com\\\/dr.josepadraom\\\/\",\"https:\\\/\\\/www.youtube.com\\\/@dr.josepadraom\",\"https:\\\/\\\/www.linkedin.com\\\/in\\\/dr-jos-padro-mendes\\\/\"]},{\"@type\":\"Person\",\"@id\":\"https:\\\/\\\/neuropsiquiatria.pt\\\/es\\\/author\\\/jossantos\\\/#author\",\"url\":\"https:\\\/\\\/neuropsiquiatria.pt\\\/es\\\/author\\\/jossantos\\\/\",\"name\":\"Jos\\u00e9 Santos\",\"image\":{\"@type\":\"ImageObject\",\"@id\":\"https:\\\/\\\/neuropsiquiatria.pt\\\/es\\\/importancia-da-escuta-no-cuidado-medico-na-saude-mental\\\/#authorImage\",\"url\":\"https:\\\/\\\/neuropsiquiatria.pt\\\/wp-content\\\/litespeed\\\/avatar\\\/964c14a1704932c42a5607193a13ccff.jpg?ver=1787946037\",\"width\":96,\"height\":96,\"caption\":\"Jos\\u00e9 Santos\"}},{\"@type\":\"WebPage\",\"@id\":\"https:\\\/\\\/neuropsiquiatria.pt\\\/es\\\/importancia-da-escuta-no-cuidado-medico-na-saude-mental\\\/#webpage\",\"url\":\"https:\\\/\\\/neuropsiquiatria.pt\\\/es\\\/importancia-da-escuta-no-cuidado-medico-na-saude-mental\\\/\",\"name\":\"Na sa\\u00fade mental, escutar tamb\\u00e9m faz parte do tratamento\",\"description\":\"Na sa\\u00fade mental, o tempo, a escuta e a presen\\u00e7a tamb\\u00e9m tratam. Conhe\\u00e7a o modelo integrado da NeuroPsyque, que alia o cuidado humano \\u00e0 tecnologia de ponta.\",\"inLanguage\":\"es-ES\",\"isPartOf\":{\"@id\":\"https:\\\/\\\/neuropsiquiatria.pt\\\/es\\\/#website\"},\"breadcrumb\":{\"@id\":\"https:\\\/\\\/neuropsiquiatria.pt\\\/es\\\/importancia-da-escuta-no-cuidado-medico-na-saude-mental\\\/#breadcrumblist\"},\"author\":{\"@id\":\"https:\\\/\\\/neuropsiquiatria.pt\\\/es\\\/author\\\/jossantos\\\/#author\"},\"creator\":{\"@id\":\"https:\\\/\\\/neuropsiquiatria.pt\\\/es\\\/author\\\/jossantos\\\/#author\"},\"image\":{\"@type\":\"ImageObject\",\"url\":\"https:\\\/\\\/neuropsiquiatria.pt\\\/wp-content\\\/uploads\\\/2026\\\/08\\\/estimulacao-magnetica-transcraniana-jose-padrao-mendes.webp\",\"@id\":\"https:\\\/\\\/neuropsiquiatria.pt\\\/es\\\/importancia-da-escuta-no-cuidado-medico-na-saude-mental\\\/#mainImage\",\"width\":1600,\"height\":900,\"caption\":\"Sess\\u00e3o de Estimula\\u00e7\\u00e3o Magn\\u00e9tica Transcraniana (EMT\\\/TMS) realizada pelo Dr. Jos\\u00e9 Padr\\u00e3o Mendes, ilustrando tecnologia de neuromodula\\u00e7\\u00e3o aplicada aos cuidados de sa\\u00fade mental.\"},\"primaryImageOfPage\":{\"@id\":\"https:\\\/\\\/neuropsiquiatria.pt\\\/es\\\/importancia-da-escuta-no-cuidado-medico-na-saude-mental\\\/#mainImage\"},\"datePublished\":\"2026-08-31T20:02:10+01:00\",\"dateModified\":\"2026-08-31T20:02:09+01:00\"},{\"@type\":\"WebSite\",\"@id\":\"https:\\\/\\\/neuropsiquiatria.pt\\\/es\\\/#website\",\"url\":\"https:\\\/\\\/neuropsiquiatria.pt\\\/es\\\/\",\"name\":\"Neuropsiquiatria\",\"description\":\"O equil\\u00edbrio entre Corpo e Mente\",\"inLanguage\":\"es-ES\",\"publisher\":{\"@id\":\"https:\\\/\\\/neuropsiquiatria.pt\\\/es\\\/#organization\"}}]}\n\t\t<\/script>\n\t\t<!-- All in One SEO -->\n\n","aioseo_head_json":{"title":"En el \u00e1mbito de la salud mental, escuchar tambi\u00e9n forma parte del tratamiento","description":"Na sa\u00fade mental, o tempo, a escuta e a presen\u00e7a tamb\u00e9m tratam. Conhe\u00e7a o modelo integrado da NeuroPsyque, que alia o cuidado humano \u00e0 tecnologia de ponta.","canonical_url":"https:\/\/neuropsiquiatria.pt\/es\/importancia-da-escuta-no-cuidado-medico-na-saude-mental\/","robots":"","keywords":"","webmasterTools":{"msvalidate.01":"4C76B1466303CE72305A14CF456C3592","miscellaneous":""},"schema":{"@context":"https:\/\/schema.org","@graph":[{"@type":"BlogPosting","@id":"https:\/\/neuropsiquiatria.pt\/es\/importancia-da-escuta-no-cuidado-medico-na-saude-mental\/#blogposting","name":"Na sa\u00fade mental, escutar tamb\u00e9m faz parte do tratamento","headline":"Na sa\u00fade mental, escutar tamb\u00e9m faz parte do tratamento","author":{"@id":"https:\/\/neuropsiquiatria.pt\/es\/author\/jossantos\/#author"},"publisher":{"@id":"https:\/\/neuropsiquiatria.pt\/es\/#organization"},"image":{"@type":"ImageObject","url":"https:\/\/neuropsiquiatria.pt\/wp-content\/uploads\/2026\/08\/estimulacao-magnetica-transcraniana-jose-padrao-mendes.webp","width":1600,"height":900,"caption":"Sess\u00e3o de Estimula\u00e7\u00e3o Magn\u00e9tica Transcraniana (EMT\/TMS) realizada pelo Dr. Jos\u00e9 Padr\u00e3o Mendes, ilustrando tecnologia de neuromodula\u00e7\u00e3o aplicada aos cuidados de sa\u00fade mental."},"datePublished":"2026-08-31T20:02:10+01:00","dateModified":"2026-08-31T20:02:09+01:00","inLanguage":"es-ES","mainEntityOfPage":{"@id":"https:\/\/neuropsiquiatria.pt\/es\/importancia-da-escuta-no-cuidado-medico-na-saude-mental\/#webpage"},"isPartOf":{"@id":"https:\/\/neuropsiquiatria.pt\/es\/importancia-da-escuta-no-cuidado-medico-na-saude-mental\/#webpage"},"articleSection":"Geral, Imprensa, novo-layout"},{"@type":"BreadcrumbList","@id":"https:\/\/neuropsiquiatria.pt\/es\/importancia-da-escuta-no-cuidado-medico-na-saude-mental\/#breadcrumblist","itemListElement":[{"@type":"ListItem","@id":"https:\/\/neuropsiquiatria.pt\/es#listItem","position":1,"name":"In\u00edcio","item":"https:\/\/neuropsiquiatria.pt\/es","nextItem":{"@type":"ListItem","@id":"https:\/\/neuropsiquiatria.pt\/es\/categoria\/geral\/#listItem","name":"Geral"}},{"@type":"ListItem","@id":"https:\/\/neuropsiquiatria.pt\/es\/categoria\/geral\/#listItem","position":2,"name":"Geral","item":"https:\/\/neuropsiquiatria.pt\/es\/categoria\/geral\/","nextItem":{"@type":"ListItem","@id":"https:\/\/neuropsiquiatria.pt\/es\/importancia-da-escuta-no-cuidado-medico-na-saude-mental\/#listItem","name":"Na sa\u00fade mental, escutar tamb\u00e9m faz parte do tratamento"},"previousItem":{"@type":"ListItem","@id":"https:\/\/neuropsiquiatria.pt\/es#listItem","name":"In\u00edcio"}},{"@type":"ListItem","@id":"https:\/\/neuropsiquiatria.pt\/es\/importancia-da-escuta-no-cuidado-medico-na-saude-mental\/#listItem","position":3,"name":"Na sa\u00fade mental, escutar tamb\u00e9m faz parte do tratamento","previousItem":{"@type":"ListItem","@id":"https:\/\/neuropsiquiatria.pt\/es\/categoria\/geral\/#listItem","name":"Geral"}}]},{"@type":"Organization","@id":"https:\/\/neuropsiquiatria.pt\/es\/#organization","name":"NeuroPsyque - Cl\u00ednica Neurologia e Neuropsiquiatria | Lisboa","description":"A NeuroPsyque \u00e9 uma cl\u00ednica multidisciplinar de excel\u00eancia localizada em Lisboa. Oferece uma abordagem integrada e completa para a sa\u00fade mental e neurol\u00f3gica. A nossa equipa de especialistas altamente qualificados em Neurologia, Neuropsiquiatria, Neuropsicologia, Psiquiatria, Psicologia e Fisioterapia trabalha em conjunto para proporcionar avalia\u00e7\u00f5es precisas e planos de tratamento centrados na pessoa, que maximizam o bem-estar geral e a qualidade de vida. Temos ao nosso dispor tecnologias como a EMT \/ TMS (Estimula\u00e7\u00e3o Magn\u00e9tica Transcraniana), a tDCS e o Neurofeedback.","url":"https:\/\/neuropsiquiatria.pt\/es\/","email":"info@neuropsiquiatria.pt","telephone":"+351928240865","logo":{"@type":"ImageObject","url":"https:\/\/neuropsiquiatria.pt\/wp-content\/uploads\/2024\/04\/NeuroPsyche-logo-AF-01.webp","@id":"https:\/\/neuropsiquiatria.pt\/es\/importancia-da-escuta-no-cuidado-medico-na-saude-mental\/#organizationLogo","width":300,"height":228,"caption":"Logotipo da NeuroPsyque - Neuropsiquiatria"},"image":{"@id":"https:\/\/neuropsiquiatria.pt\/es\/importancia-da-escuta-no-cuidado-medico-na-saude-mental\/#organizationLogo"},"sameAs":["https:\/\/www.facebook.com\/dr.josepadraom","https:\/\/www.instagram.com\/dr.josepadraom\/","https:\/\/www.youtube.com\/@dr.josepadraom","https:\/\/www.linkedin.com\/in\/dr-jos-padro-mendes\/"]},{"@type":"Person","@id":"https:\/\/neuropsiquiatria.pt\/es\/author\/jossantos\/#author","url":"https:\/\/neuropsiquiatria.pt\/es\/author\/jossantos\/","name":"Jos\u00e9 Santos","image":{"@type":"ImageObject","@id":"https:\/\/neuropsiquiatria.pt\/es\/importancia-da-escuta-no-cuidado-medico-na-saude-mental\/#authorImage","url":"https:\/\/neuropsiquiatria.pt\/wp-content\/litespeed\/avatar\/964c14a1704932c42a5607193a13ccff.jpg?ver=1787946037","width":96,"height":96,"caption":"Jos\u00e9 Santos"}},{"@type":"WebPage","@id":"https:\/\/neuropsiquiatria.pt\/es\/importancia-da-escuta-no-cuidado-medico-na-saude-mental\/#webpage","url":"https:\/\/neuropsiquiatria.pt\/es\/importancia-da-escuta-no-cuidado-medico-na-saude-mental\/","name":"Na sa\u00fade mental, escutar tamb\u00e9m faz parte do tratamento","description":"Na sa\u00fade mental, o tempo, a escuta e a presen\u00e7a tamb\u00e9m tratam. Conhe\u00e7a o modelo integrado da NeuroPsyque, que alia o cuidado humano \u00e0 tecnologia de ponta.","inLanguage":"es-ES","isPartOf":{"@id":"https:\/\/neuropsiquiatria.pt\/es\/#website"},"breadcrumb":{"@id":"https:\/\/neuropsiquiatria.pt\/es\/importancia-da-escuta-no-cuidado-medico-na-saude-mental\/#breadcrumblist"},"author":{"@id":"https:\/\/neuropsiquiatria.pt\/es\/author\/jossantos\/#author"},"creator":{"@id":"https:\/\/neuropsiquiatria.pt\/es\/author\/jossantos\/#author"},"image":{"@type":"ImageObject","url":"https:\/\/neuropsiquiatria.pt\/wp-content\/uploads\/2026\/08\/estimulacao-magnetica-transcraniana-jose-padrao-mendes.webp","@id":"https:\/\/neuropsiquiatria.pt\/es\/importancia-da-escuta-no-cuidado-medico-na-saude-mental\/#mainImage","width":1600,"height":900,"caption":"Sess\u00e3o de Estimula\u00e7\u00e3o Magn\u00e9tica Transcraniana (EMT\/TMS) realizada pelo Dr. Jos\u00e9 Padr\u00e3o Mendes, ilustrando tecnologia de neuromodula\u00e7\u00e3o aplicada aos cuidados de sa\u00fade mental."},"primaryImageOfPage":{"@id":"https:\/\/neuropsiquiatria.pt\/es\/importancia-da-escuta-no-cuidado-medico-na-saude-mental\/#mainImage"},"datePublished":"2026-08-31T20:02:10+01:00","dateModified":"2026-08-31T20:02:09+01:00"},{"@type":"WebSite","@id":"https:\/\/neuropsiquiatria.pt\/es\/#website","url":"https:\/\/neuropsiquiatria.pt\/es\/","name":"Neuropsiquiatria","description":"O equil\u00edbrio entre Corpo e Mente","inLanguage":"es-ES","publisher":{"@id":"https:\/\/neuropsiquiatria.pt\/es\/#organization"}}]},"og:locale":"es_ES","og:site_name":"Neuropsiquiatria - O equil\u00edbrio entre Corpo e Mente","og:type":"article","og:title":"Na sa\u00fade mental, escutar tamb\u00e9m faz parte do tratamento","og:description":"Na sa\u00fade mental, o tempo, a escuta e a presen\u00e7a tamb\u00e9m tratam. Conhe\u00e7a o modelo integrado da NeuroPsyque, que alia o cuidado humano \u00e0 tecnologia de ponta.","og:url":"https:\/\/neuropsiquiatria.pt\/es\/importancia-da-escuta-no-cuidado-medico-na-saude-mental\/","og:image":"https:\/\/neuropsiquiatria.pt\/wp-content\/uploads\/2026\/08\/estimulacao-magnetica-transcraniana-jose-padrao-mendes.webp","og:image:secure_url":"https:\/\/neuropsiquiatria.pt\/wp-content\/uploads\/2026\/08\/estimulacao-magnetica-transcraniana-jose-padrao-mendes.webp","og:image:width":1600,"og:image:height":900,"article:published_time":"2026-08-31T19:02:10+00:00","article:modified_time":"2026-08-31T19:02:09+00:00","article:publisher":"https:\/\/www.facebook.com\/dr.josepadraom","twitter:card":"summary_large_image","twitter:title":"Na sa\u00fade mental, escutar tamb\u00e9m faz parte do tratamento","twitter:description":"Na sa\u00fade mental, o tempo, a escuta e a presen\u00e7a tamb\u00e9m tratam. Conhe\u00e7a o modelo integrado da NeuroPsyque, que alia o cuidado humano \u00e0 tecnologia de ponta.","twitter:image":"https:\/\/neuropsiquiatria.pt\/wp-content\/uploads\/2026\/08\/estimulacao-magnetica-transcraniana-jose-padrao-mendes.webp"},"aioseo_meta_data":{"post_id":"7533","title":"#t\u00edtulo de la publicaci\u00f3n","description":"Na sa\u00fade mental, o tempo, a escuta e a presen\u00e7a tamb\u00e9m tratam. Conhe\u00e7a o modelo integrado da NeuroPsyque, que alia o cuidado humano \u00e0 tecnologia de ponta.","keywords":null,"keyphrases":{"focus":{"keyphrase":"","score":0,"analysis":{"keyphraseInTitle":{"score":0,"maxScore":9,"error":1}}},"additional":[]},"primary_term":null,"canonical_url":null,"og_title":null,"og_description":null,"og_object_type":"default","og_image_type":"default","og_image_url":null,"og_image_width":null,"og_image_height":null,"og_image_custom_url":null,"og_image_custom_fields":null,"og_video":"","og_custom_url":null,"og_article_section":null,"og_article_tags":null,"twitter_use_og":false,"twitter_card":"default","twitter_image_type":"default","twitter_image_url":null,"twitter_image_custom_url":null,"twitter_image_custom_fields":null,"twitter_title":null,"twitter_description":null,"schema":{"blockGraphs":[],"customGraphs":[],"default":{"data":{"Article":[],"Course":[],"Dataset":[],"FAQPage":[],"Movie":[],"Person":[],"Product":[],"ProductReview":[],"Car":[],"Recipe":[],"Service":[],"SoftwareApplication":[],"WebPage":[]},"graphName":"BlogPosting","isEnabled":true},"graphs":[]},"schema_type":"default","schema_type_options":null,"pillar_content":false,"robots_default":true,"robots_noindex":false,"robots_noarchive":false,"robots_nosnippet":false,"robots_nofollow":false,"robots_noimageindex":false,"robots_noodp":false,"robots_notranslate":false,"robots_max_snippet":"-1","robots_max_videopreview":"-1","robots_max_imagepreview":"large","priority":null,"frequency":"default","local_seo":null,"breadcrumb_settings":null,"limit_modified_date":false,"ai":{"faqs":[],"keyPoints":[],"schemas":[],"titles":[],"descriptions":[],"socialPosts":{"email":{"subject":"","preview":"","content":""},"linkedin":[],"twitter":[],"facebook":[],"instagram":[]}},"created":"2026-08-11 13:10:26","updated":"2026-08-31 19:50:22","seo_analyzer_scan_date":null},"_links":{"self":[{"href":"https:\/\/neuropsiquiatria.pt\/es\/wp-json\/wp\/v2\/posts\/7533","targetHints":{"allow":["GET"]}}],"collection":[{"href":"https:\/\/neuropsiquiatria.pt\/es\/wp-json\/wp\/v2\/posts"}],"about":[{"href":"https:\/\/neuropsiquiatria.pt\/es\/wp-json\/wp\/v2\/types\/post"}],"author":[{"embeddable":true,"href":"https:\/\/neuropsiquiatria.pt\/es\/wp-json\/wp\/v2\/users\/1"}],"replies":[{"embeddable":true,"href":"https:\/\/neuropsiquiatria.pt\/es\/wp-json\/wp\/v2\/comments?post=7533"}],"version-history":[{"count":31,"href":"https:\/\/neuropsiquiatria.pt\/es\/wp-json\/wp\/v2\/posts\/7533\/revisions"}],"predecessor-version":[{"id":7625,"href":"https:\/\/neuropsiquiatria.pt\/es\/wp-json\/wp\/v2\/posts\/7533\/revisions\/7625"}],"wp:featuredmedia":[{"embeddable":true,"href":"https:\/\/neuropsiquiatria.pt\/es\/wp-json\/wp\/v2\/media\/7562"}],"wp:attachment":[{"href":"https:\/\/neuropsiquiatria.pt\/es\/wp-json\/wp\/v2\/media?parent=7533"}],"wp:term":[{"taxonomy":"category","embeddable":true,"href":"https:\/\/neuropsiquiatria.pt\/es\/wp-json\/wp\/v2\/categories?post=7533"},{"taxonomy":"post_tag","embeddable":true,"href":"https:\/\/neuropsiquiatria.pt\/es\/wp-json\/wp\/v2\/tags?post=7533"}],"curies":[{"name":"wp","href":"https:\/\/api.w.org\/{rel}","templated":true}]}}